{"id":22627,"date":"2026-03-25T09:50:57","date_gmt":"2026-03-25T08:50:57","guid":{"rendered":"https:\/\/vvhl.nl\/?p=22627"},"modified":"2026-04-28T12:42:16","modified_gmt":"2026-04-28T10:42:16","slug":"op-zoek-naar-het-lied-buiten-europa","status":"publish","type":"post","link":"https:\/\/vvhl.nl\/en\/op-zoek-naar-het-lied-buiten-europa\/","title":{"rendered":"Op zoek naar het lied buiten Europa"},"content":{"rendered":"<div data-elementor-type=\"wp-post\" data-elementor-id=\"22627\" class=\"elementor elementor-22627\" data-elementor-post-type=\"post\">\n\t\t\t\t\t\t<section class=\"elementor-section elementor-top-section elementor-element elementor-element-3d331a9d elementor-section-height-min-height elementor-section-items-top elementor-section-boxed elementor-section-height-default\" data-id=\"3d331a9d\" data-element_type=\"section\" data-e-type=\"section\" data-settings=\"{&quot;background_background&quot;:&quot;classic&quot;,&quot;shape_divider_top&quot;:&quot;triangle-asymmetrical&quot;,&quot;jet_parallax_layout_list&quot;:[]}\">\n\t\t\t\t\t<div class=\"elementor-shape elementor-shape-top\" aria-hidden=\"true\" data-negative=\"false\">\n\t\t\t<svg xmlns=\"http:\/\/www.w3.org\/2000\/svg\" viewbox=\"0 0 1000 100\" preserveaspectratio=\"none\">\n\t<path class=\"elementor-shape-fill\" d=\"M738,99l262-93V0H0v5.6L738,99z\"\/>\n<\/svg>\t\t<\/div>\n\t\t\t\t\t<div class=\"elementor-container elementor-column-gap-wide\">\n\t\t\t\t\t<div class=\"elementor-column elementor-col-50 elementor-top-column elementor-element elementor-element-15f3dee\" data-id=\"15f3dee\" data-element_type=\"column\" data-e-type=\"column\">\n\t\t\t<div class=\"elementor-widget-wrap elementor-element-populated\">\n\t\t\t\t\t\t<div class=\"elementor-element elementor-element-45d782d4 elementor-widget elementor-widget-theme-post-title elementor-page-title elementor-widget-heading\" data-id=\"45d782d4\" data-element_type=\"widget\" data-e-type=\"widget\" data-widget_type=\"theme-post-title.default\">\n\t\t\t\t<div class=\"elementor-widget-container\">\n\t\t\t\t\t<h1 class=\"elementor-heading-title elementor-size-default\">Op zoek naar het lied buiten Europa<\/h1>\t\t\t\t<\/div>\n\t\t\t\t<\/div>\n\t\t\t\t<div class=\"elementor-element elementor-element-577f269f elementor-widget elementor-widget-post-info\" data-id=\"577f269f\" data-element_type=\"widget\" data-e-type=\"widget\" data-widget_type=\"post-info.default\">\n\t\t\t\t<div class=\"elementor-widget-container\">\n\t\t\t\t\t\t\t<ul class=\"elementor-inline-items elementor-icon-list-items elementor-post-info\">\n\t\t\t\t\t\t\t\t<li class=\"elementor-icon-list-item elementor-repeater-item-8a51cc5 elementor-inline-item\" itemprop=\"about\">\n\t\t\t\t\t\t\t\t\t\t\t\t\t<span class=\"elementor-icon-list-text elementor-post-info__item elementor-post-info__item--type-terms\">\n\t\t\t\t\t\t\t\t\t\t<span class=\"elementor-post-info__terms-list\">\n\t\t\t\t<span class=\"elementor-post-info__terms-list-item\">news<\/span>\t\t\t\t<\/span>\n\t\t\t\t\t<\/span>\n\t\t\t\t\t\t\t\t<\/li>\n\t\t\t\t<\/ul>\n\t\t\t\t\t\t<\/div>\n\t\t\t\t<\/div>\n\t\t\t\t<div class=\"elementor-element elementor-element-42fdeffc elementor-widget elementor-widget-theme-post-excerpt\" data-id=\"42fdeffc\" data-element_type=\"widget\" data-e-type=\"widget\" data-widget_type=\"theme-post-excerpt.default\">\n\t\t\t\t<div class=\"elementor-widget-container\">\n\t\t\t\t\tTijdens de Dag van het Lied brengen Henriette Feith en Maurice Lammerts van Bueren een internationaal programma: \u2018Het programma kijkt geografisch buiten Europa, maar blijft geworteld in de klassieke liedtraditie. Het is geen wereldmuziek, maar kunstlied in een bredere context\u2019, vertelt Henriette.\t\t\t\t<\/div>\n\t\t\t\t<\/div>\n\t\t\t\t\t<\/div>\n\t\t<\/div>\n\t\t\t\t<div class=\"elementor-column elementor-col-50 elementor-top-column elementor-element elementor-element-2aeb4d6f\" data-id=\"2aeb4d6f\" data-element_type=\"column\" data-e-type=\"column\">\n\t\t\t<div class=\"elementor-widget-wrap elementor-element-populated\">\n\t\t\t\t\t\t<div class=\"elementor-element elementor-element-17c0874 elementor-widget elementor-widget-theme-post-featured-image elementor-widget-image\" data-id=\"17c0874\" data-element_type=\"widget\" data-e-type=\"widget\" data-widget_type=\"theme-post-featured-image.default\">\n\t\t\t\t<div class=\"elementor-widget-container\">\n\t\t\t\t\t\t\t\t\t\t\t\t<figure class=\"wp-caption\">\n\t\t\t\t\t\t\t\t\t\t<img fetchpriority=\"high\" decoding=\"async\" width=\"1200\" height=\"800\" src=\"https:\/\/vvhl.nl\/wp-content\/uploads\/2026\/04\/Henriette-Feith_c_Cara-Louwman.webp\" class=\"attachment-full size-full wp-image-22629\" alt=\"\" srcset=\"https:\/\/vvhl.nl\/wp-content\/uploads\/2026\/04\/Henriette-Feith_c_Cara-Louwman.webp 1200w, https:\/\/vvhl.nl\/wp-content\/uploads\/2026\/04\/Henriette-Feith_c_Cara-Louwman-300x200.webp 300w, https:\/\/vvhl.nl\/wp-content\/uploads\/2026\/04\/Henriette-Feith_c_Cara-Louwman-1024x683.webp 1024w, https:\/\/vvhl.nl\/wp-content\/uploads\/2026\/04\/Henriette-Feith_c_Cara-Louwman-768x512.webp 768w, https:\/\/vvhl.nl\/wp-content\/uploads\/2026\/04\/Henriette-Feith_c_Cara-Louwman-18x12.webp 18w\" sizes=\"(max-width: 1200px) 100vw, 1200px\" \/>\t\t\t\t\t\t\t\t\t\t\t<figcaption class=\"widget-image-caption wp-caption-text\">foto: \u00a9 Cara Louwman<\/figcaption>\n\t\t\t\t\t\t\t\t\t\t<\/figure>\n\t\t\t\t\t\t\t\t\t<\/div>\n\t\t\t\t<\/div>\n\t\t\t\t\t<\/div>\n\t\t<\/div>\n\t\t\t\t\t<\/div>\n\t\t<\/section>\n\t\t\t\t<section class=\"elementor-section elementor-top-section elementor-element elementor-element-78f85631 elementor-section-boxed elementor-section-height-default elementor-section-height-default\" data-id=\"78f85631\" data-element_type=\"section\" data-e-type=\"section\" data-settings=\"{&quot;jet_parallax_layout_list&quot;:[]}\">\n\t\t\t\t\t\t<div class=\"elementor-container elementor-column-gap-wide\">\n\t\t\t\t\t<div class=\"elementor-column elementor-col-100 elementor-top-column elementor-element elementor-element-27ba9558\" data-id=\"27ba9558\" data-element_type=\"column\" data-e-type=\"column\">\n\t\t\t<div class=\"elementor-widget-wrap elementor-element-populated\">\n\t\t\t\t\t\t<div class=\"elementor-element elementor-element-574d8366 elementor-widget elementor-widget-text-editor\" data-id=\"574d8366\" data-element_type=\"widget\" data-e-type=\"widget\" data-widget_type=\"text-editor.default\">\n\t\t\t\t<div class=\"elementor-widget-container\">\n\t\t\t\t\t\t\t\t\t<p style=\"font-weight: 400;\"><strong>Het thema van Internationaal Lied Festival Zeist is dit jaar <em>Back to nature<\/em>. Gaf dit jullie veel ruimte?<br \/><\/strong>\u2018Een prachtig thema\u2019, zegt Henriette, \u2018maar ook heel breed. Juist die breedte bleek zowel een kans als een uitdaging. Eigenlijk waren Maurice Lammerts van Bueren en ik al aan het brainstormen over een ander idee: een programma samenstellen met repertoire van buiten Europa. Uiteindelijk hebben we die twee lijnen gecombineerd. Dat vraagt soms om creatieve keuzes, maar het levert ook verrassende verbanden op.\u2019<br \/>\u2018Het zoeken naar geschikt repertoire begon zonder vast startpunt. We zijn echt begonnen met een blanco canvas: wat kennen we, wat past, wat willen we ontdekken? Daarbij kwam al snel een praktische realiteit om de hoek kijken: de wereld is te groot voor \u00e9\u00e9n programma. We hebben al veel Amerikaans repertoire gedaan, dus daar zijn we maar begonnen. Denkend aan de <em>Hermit Songs<\/em> van Samuel Barber kwamen we terecht bij mogelijke liederen van Jake Heggie en schoot Maurice een prachtig lied van Jodie Goble te binnen; van het een kwam het ander. Het is meer een proces van verzamelen en combineren. Soms weet je: deze componist m\u00f3\u00e9t erin. Maar het groeit gaandeweg, en er worden onderweg veel \u201cdarlings gekilled\u201d\u2019, vertelt Henriette, \u2018waaronder Barber!\u2019<br \/>\u2018Het thema Terug naar de natuur bood ons bovendien ruimte om bijvoorbeeld die geweldige Acadische volksliederen in een bewerking van Carl Philippe Gionet te programmeren, waarin de natuur op verschillende manieren tot leven komt: in een levendige boerendans of in het beeld van de Poolster. De Acadische traditie zelf gaat terug op Franse kolonisten die zich vanaf de 17e eeuw in Canada vestigden. En wie tipte ons &#8230; Jared Michaud, net nieuw bij de Vrienden, dankjewel.\u2019<br \/>\u2018Bij het kiezen van niet-Europese componisten hebben we in \u00e9\u00e9n geval wel een klein beetje vals gespeeld . We wilden graag <em>Neige sur les orangers<\/em> van Maurice Ohana opnemen. De titel en zeker de Andalusische sfeer die het lied oproept, overtuigden ons. Maar ja, hoewel geboren in Marokko, was hij verder toch behoorlijk Frans! Hiertegenover staan de andere componisten, uit alle windstreken. Wat dacht je van de Australi\u00ebr Calvin Bowman en diens <em>Little Duck<\/em>, een ontdekking voor mij! We doken ook in repertoire uit Zuid-Afrika, wat uiteindelijk leidde tot een prachtig lied van Hendrik Hofmeyr, getoonzet op een minstens zo\u2019n indrukwekkende tekst.\u2019<\/p><p style=\"font-weight: 400;\"><strong>Wat gebeurt er met het klassieke lied wanneer je Europa even achter je laat?<\/strong><br \/>\u2018Hoewel het programma geografisch buiten Europa kijkt, blijft het stevig geworteld in de klassieke liedtraditie. Die traditie heeft zich wereldwijd verspreid. Wat wij doen is nadrukkelijk geen wereldmuziek, maar kunstlied in die bredere context. In oudere \u2018art songs\u2019 is vaak nog sterk de Europese invloed herkenbaar, terwijl bij modernere componisten de muzikale taal internationaler wordt. Tegelijkertijd zijn er componisten bij wie juist heel uitgesproken regionale invloeden doorklinken. Dat hoor je bijvoorbeeld in Zuid-Amerikaanse muziek van Heitor Villa-Lobos in <em>A Floresta do Amazonas<\/em>, maar ook bij Astor Piazzolla. Daarnaast is er de heldere, eigentijdse klanktaal die je aantreft in de liederen van componisten als Sally Whitwell , Jake Heggie\u00a0 en Calvin Bowman.\u2019<br \/>\u2018Uiteindelijk laat het programma ook zien hoe klein de muzikale wereld eigenlijk is. Componisten uit verschillende continenten blijken vaak met elkaar verbonden, via studie, reizen of invloeden. De oorsprong van art song is Europees, zeker. Toch kan je inmiddels misschien beter spreken van een mondiale liedtraditie.\u2019<\/p><p style=\"font-weight: 400;\"><strong>Is er een continent waar je een bijzondere band mee voelt?<br \/>\u2018<\/strong>Persoonlijk heb ik een ongelooflijk warm kloppend hart voor Australi\u00eb, omdat ik daar een tijd heb gewoond. Hoe bijzonder is het dan om een prachtige tekst van Michael Leunig, bij leven cartoonist van een groot landelijk dagblad en geliefd dichter, te laten klinken in een werk van Bowman? En tegelijkertijd ontstond ook de wens om andere persoonlijke verbindingen te verkennen: zo wilde Maurice, vanwege zijn Indische roots,\u00a0 graag iets met Indonesi\u00eb doen. Dit leidde uiteindelijk naar muziek van Mochtar Embut.\u2019<\/p><p style=\"font-weight: 400;\"><strong>Wat hoop je dat het publiek meeneemt naar huis?<br \/><\/strong>\u2018Nieuwsgierigheid\u2019, zegt ze zonder aarzelen. \u2018Dat mensen iets horen en denken: dit wil ik verder ontdekken. Misschien zelfs: dit wil ik zelf zingen. Bijvoorbeeld die Amazone-liederen van Villa-Lobos. Daarmee sluit het programma aan bij een bredere tendens binnen het liedrepertoire: het verkennen van minder bekend werk. We zijn daarin volstrekt niet uniek, en dat is juist mooi. Er gebeurt ontzettend veel. Denk alleen al aan de prachtige, vernieuwende programma\u2019s die we tijdens de audities in Zwolle mochten beluisteren, en aan de diverse en spannende recitals tijdens Internationaal Lied Festival Zeist.&#8217;<\/p><p style=\"font-weight: 400;\"><strong>Voor Henriette is het maakproces onlosmakelijk verbonden met samenwerking.<\/strong><br \/>\u2018Veel idee\u00ebn ontstaan in gesprek met andere musici. Ik had een tijdlang een concertserie voor vocale kamermuziek, waarin ik instrumentale duo\u2019s en ensembles uitnodigde onder de voorwaarde dat ik zelf meedeed. Zo ontstonden steeds oorspronkelijke programma\u2019s, vaak in samenwerking met componisten. Iedereen neemt iets mee, en zo groeit het verder.\u2019<br \/>\u2018Die open werkwijze is essentieel: je moet een programma ruimte geven en niet alles vooraf dichttimmeren. Juist dan ontstaan onverwachte verbindingen en nieuwe invalshoeken. Voor dit programma was het bijzonder om te ervaren hoe enthousiast componisten als Bowman, Gionet en Hofmeyr reageerden en zonder enig probleem hun muziek en expertise met ons deelden.\u2019<\/p><p style=\"font-weight: 400;\"><strong>En wil je ons iets vertellen over nieuwe programma\u2019s in de toekomst?<br \/><\/strong>\u2018Kijkend naar de toekomst staat er een nieuw programma met Lineke Lever op de planning, met in de hoofdrol de Nederlandse pianist, componist en zanger Hans Schouwman (1902\u20131967), een dienstbare, creatieve en &#8211; is de indruk na twee ochtenden onderzoek bij het Nederlands Muziek Instituut &#8211; bescheiden vakman, begeleider van alle grote zangers van zijn tijd. Van hem zullen we sowieso drie liederen uitvoeren op prachtige teksten van Staring.\u2019<\/p><p style=\"font-weight: 400;\">Maar voordat Henriette alweer losbarst met enthousiaste en inspirerende idee\u00ebn, vraag ik haar of ze alvast \u00e9\u00e9n tekst met ons wil delen. Het wordt <em>A little Duck<\/em> van Michael Leunig.<\/p><p style=\"font-weight: 400;\">Joost van der Linden<\/p><p style=\"font-weight: 400;\"><strong>A little duck<\/strong><\/p><p style=\"font-weight: 400;\">With a bit of luck<br \/>A duck<br \/>Will come into your life.<br \/>When you are at the peak<br \/>Of your great powers.<br \/>And your achievement towers<br \/>Like a smoking chimney stack<br \/>There&#8217;ll be a quack<br \/>And right there at your feet<br \/>A little duck will stand;<br \/>She will take you by the hand<br \/>And lead you<br \/>Like a child with no defence;<br \/>She will lead you<br \/>Into wisdom, joy and innocence.<br \/>That little duck.<br \/>I wish you luck.<\/p><p style=\"font-weight: 400;\">Michael Leunig<\/p>\t\t\t\t\t\t\t\t<\/div>\n\t\t\t\t<\/div>\n\t\t\t\t<div class=\"elementor-element elementor-element-f30baf1 elementor-widget elementor-widget-button\" data-id=\"f30baf1\" data-element_type=\"widget\" data-e-type=\"widget\" data-widget_type=\"button.default\">\n\t\t\t\t<div class=\"elementor-widget-container\">\n\t\t\t\t\t\t\t\t\t<div class=\"elementor-button-wrapper\">\n\t\t\t\t\t<a class=\"elementor-button elementor-button-link elementor-size-sm\" href=\"https:\/\/vvhl.nl\/en\/16-may-day-of-the-lied-2026\/\">\n\t\t\t\t\t\t<span class=\"elementor-button-content-wrapper\">\n\t\t\t\t\t\t<span class=\"elementor-button-icon\">\n\t\t\t\t<i aria-hidden=\"true\" class=\"fas fa-angle-right\"><\/i>\t\t\t<\/span>\n\t\t\t\t\t\t\t\t\t<span class=\"elementor-button-text\">meer Dag van het Lied<\/span>\n\t\t\t\t\t<\/span>\n\t\t\t\t\t<\/a>\n\t\t\t\t<\/div>\n\t\t\t\t\t\t\t\t<\/div>\n\t\t\t\t<\/div>\n\t\t\t\t\t<\/div>\n\t\t<\/div>\n\t\t\t\t\t<\/div>\n\t\t<\/section>\n\t\t\t\t<\/div>","protected":false},"excerpt":{"rendered":"<p>Tijdens de Dag van het Lied brengen Henriette Feith en Maurice Lammerts van Bueren een internationaal programma: \u2018Het programma kijkt geografisch buiten Europa, maar blijft geworteld in de klassieke liedtraditie. Het is geen wereldmuziek, maar kunstlied in een bredere context\u2019, vertelt Henriette.<\/p>","protected":false},"author":5,"featured_media":22629,"comment_status":"closed","ping_status":"closed","sticky":false,"template":"elementor_header_footer","format":"standard","meta":{"footnotes":""},"categories":[1],"tags":[],"post_folder":[407,237],"class_list":["post-22627","post","type-post","status-publish","format-standard","has-post-thumbnail","hentry","category-nieuws"],"yoast_head":"<!-- This site is optimized with the Yoast SEO plugin v27.5 - https:\/\/yoast.com\/product\/yoast-seo-wordpress\/ -->\n<title>Op zoek naar het lied buiten Europa<\/title>\n<meta name=\"description\" content=\"Henriette Feith en Maurice Lammerts van Bueren brengen een internationaal programma tijdens de Dag van het Lied.\" \/>\n<meta name=\"robots\" content=\"index, follow, max-snippet:-1, max-image-preview:large, max-video-preview:-1\" \/>\n<link rel=\"canonical\" href=\"https:\/\/vvhl.nl\/en\/op-zoek-naar-het-lied-buiten-europa\/\" \/>\n<meta property=\"og:locale\" content=\"en_GB\" \/>\n<meta property=\"og:type\" content=\"article\" \/>\n<meta property=\"og:title\" content=\"Op zoek naar het lied buiten Europa\" \/>\n<meta property=\"og:description\" content=\"Internationaal met wortels in de klassieke traditie.\" \/>\n<meta property=\"og:url\" content=\"https:\/\/vvhl.nl\/en\/op-zoek-naar-het-lied-buiten-europa\/\" \/>\n<meta property=\"og:site_name\" content=\"vvhl\" \/>\n<meta property=\"article:publisher\" content=\"https:\/\/www.facebook.com\/vriendenvanhetlied\" \/>\n<meta property=\"article:published_time\" content=\"2026-03-25T08:50:57+00:00\" \/>\n<meta property=\"article:modified_time\" content=\"2026-04-28T10:42:16+00:00\" \/>\n<meta property=\"og:image\" content=\"https:\/\/vvhl.nl\/wp-content\/uploads\/2026\/04\/Henriette-Feith_c_Cara-Louwman.webp\" \/>\n\t<meta property=\"og:image:width\" content=\"1200\" \/>\n\t<meta property=\"og:image:height\" content=\"800\" \/>\n\t<meta property=\"og:image:type\" content=\"image\/webp\" \/>\n<meta name=\"author\" content=\"Dees Wilgehof-Sodaar\" \/>\n<meta name=\"twitter:card\" content=\"summary_large_image\" \/>\n<meta name=\"twitter:title\" content=\"Op zoek naar het lied buiten Europa\" \/>\n<meta name=\"twitter:description\" content=\"Internationaal met wortels in de klassieke traditie.\" \/>\n<meta name=\"twitter:image\" content=\"https:\/\/vvhl.nl\/wp-content\/uploads\/2026\/04\/Henriette-Feith_c_Cara-Louwman.webp\" \/>\n<meta name=\"twitter:creator\" content=\"@vriendenvhlied\" \/>\n<meta name=\"twitter:site\" content=\"@vriendenvhlied\" \/>\n<meta name=\"twitter:label1\" content=\"Written by\" \/>\n\t<meta name=\"twitter:data1\" content=\"Dees Wilgehof-Sodaar\" \/>\n\t<meta name=\"twitter:label2\" content=\"Estimated reading time\" \/>\n\t<meta name=\"twitter:data2\" content=\"6 minutes\" \/>\n<script type=\"application\/ld+json\" class=\"yoast-schema-graph\">{\"@context\":\"https:\\\/\\\/schema.org\",\"@graph\":[{\"@type\":\"Article\",\"@id\":\"https:\\\/\\\/vvhl.nl\\\/op-zoek-naar-het-lied-buiten-europa\\\/#article\",\"isPartOf\":{\"@id\":\"https:\\\/\\\/vvhl.nl\\\/op-zoek-naar-het-lied-buiten-europa\\\/\"},\"author\":{\"name\":\"Dees Wilgehof-Sodaar\",\"@id\":\"https:\\\/\\\/vvhl.nl\\\/#\\\/schema\\\/person\\\/5912722ce23e9c3452e94c60e56fc8dc\"},\"headline\":\"Op zoek naar het lied buiten Europa\",\"datePublished\":\"2026-03-25T08:50:57+00:00\",\"dateModified\":\"2026-04-28T10:42:16+00:00\",\"mainEntityOfPage\":{\"@id\":\"https:\\\/\\\/vvhl.nl\\\/op-zoek-naar-het-lied-buiten-europa\\\/\"},\"wordCount\":1062,\"publisher\":{\"@id\":\"https:\\\/\\\/vvhl.nl\\\/#organization\"},\"image\":{\"@id\":\"https:\\\/\\\/vvhl.nl\\\/op-zoek-naar-het-lied-buiten-europa\\\/#primaryimage\"},\"thumbnailUrl\":\"https:\\\/\\\/vvhl.nl\\\/wp-content\\\/uploads\\\/2026\\\/04\\\/Henriette-Feith_c_Cara-Louwman.webp\",\"articleSection\":[\"nieuws\"],\"inLanguage\":\"en-GB\"},{\"@type\":\"WebPage\",\"@id\":\"https:\\\/\\\/vvhl.nl\\\/op-zoek-naar-het-lied-buiten-europa\\\/\",\"url\":\"https:\\\/\\\/vvhl.nl\\\/op-zoek-naar-het-lied-buiten-europa\\\/\",\"name\":\"Op zoek naar het lied buiten Europa\",\"isPartOf\":{\"@id\":\"https:\\\/\\\/vvhl.nl\\\/#website\"},\"primaryImageOfPage\":{\"@id\":\"https:\\\/\\\/vvhl.nl\\\/op-zoek-naar-het-lied-buiten-europa\\\/#primaryimage\"},\"image\":{\"@id\":\"https:\\\/\\\/vvhl.nl\\\/op-zoek-naar-het-lied-buiten-europa\\\/#primaryimage\"},\"thumbnailUrl\":\"https:\\\/\\\/vvhl.nl\\\/wp-content\\\/uploads\\\/2026\\\/04\\\/Henriette-Feith_c_Cara-Louwman.webp\",\"datePublished\":\"2026-03-25T08:50:57+00:00\",\"dateModified\":\"2026-04-28T10:42:16+00:00\",\"description\":\"Henriette Feith en Maurice Lammerts van Bueren brengen een internationaal programma tijdens de Dag van het Lied.\",\"breadcrumb\":{\"@id\":\"https:\\\/\\\/vvhl.nl\\\/op-zoek-naar-het-lied-buiten-europa\\\/#breadcrumb\"},\"inLanguage\":\"en-GB\",\"potentialAction\":[{\"@type\":\"ReadAction\",\"target\":[\"https:\\\/\\\/vvhl.nl\\\/op-zoek-naar-het-lied-buiten-europa\\\/\"]}]},{\"@type\":\"ImageObject\",\"inLanguage\":\"en-GB\",\"@id\":\"https:\\\/\\\/vvhl.nl\\\/op-zoek-naar-het-lied-buiten-europa\\\/#primaryimage\",\"url\":\"https:\\\/\\\/vvhl.nl\\\/wp-content\\\/uploads\\\/2026\\\/04\\\/Henriette-Feith_c_Cara-Louwman.webp\",\"contentUrl\":\"https:\\\/\\\/vvhl.nl\\\/wp-content\\\/uploads\\\/2026\\\/04\\\/Henriette-Feith_c_Cara-Louwman.webp\",\"width\":1200,\"height\":800},{\"@type\":\"BreadcrumbList\",\"@id\":\"https:\\\/\\\/vvhl.nl\\\/op-zoek-naar-het-lied-buiten-europa\\\/#breadcrumb\",\"itemListElement\":[{\"@type\":\"ListItem\",\"position\":1,\"name\":\"Home\",\"item\":\"https:\\\/\\\/vvhl.nl\\\/\"},{\"@type\":\"ListItem\",\"position\":2,\"name\":\"Op zoek naar het lied buiten Europa\"}]},{\"@type\":\"WebSite\",\"@id\":\"https:\\\/\\\/vvhl.nl\\\/#website\",\"url\":\"https:\\\/\\\/vvhl.nl\\\/\",\"name\":\"vvhl.nl\",\"description\":\"vereniging vrienden van het lied\",\"publisher\":{\"@id\":\"https:\\\/\\\/vvhl.nl\\\/#organization\"},\"potentialAction\":[{\"@type\":\"SearchAction\",\"target\":{\"@type\":\"EntryPoint\",\"urlTemplate\":\"https:\\\/\\\/vvhl.nl\\\/?s={search_term_string}\"},\"query-input\":{\"@type\":\"PropertyValueSpecification\",\"valueRequired\":true,\"valueName\":\"search_term_string\"}}],\"inLanguage\":\"en-GB\"},{\"@type\":\"Organization\",\"@id\":\"https:\\\/\\\/vvhl.nl\\\/#organization\",\"name\":\"Vrienden van het Lied\",\"url\":\"https:\\\/\\\/vvhl.nl\\\/\",\"logo\":{\"@type\":\"ImageObject\",\"inLanguage\":\"en-GB\",\"@id\":\"https:\\\/\\\/vvhl.nl\\\/#\\\/schema\\\/logo\\\/image\\\/\",\"url\":\"https:\\\/\\\/vvhl.nl\\\/wp-content\\\/uploads\\\/2020\\\/04\\\/VvhL-2019-hr.jpg\",\"contentUrl\":\"https:\\\/\\\/vvhl.nl\\\/wp-content\\\/uploads\\\/2020\\\/04\\\/VvhL-2019-hr.jpg\",\"width\":1500,\"height\":1500,\"caption\":\"Vrienden van het Lied\"},\"image\":{\"@id\":\"https:\\\/\\\/vvhl.nl\\\/#\\\/schema\\\/logo\\\/image\\\/\"},\"sameAs\":[\"https:\\\/\\\/www.facebook.com\\\/vriendenvanhetlied\",\"https:\\\/\\\/x.com\\\/vriendenvhlied\",\"https:\\\/\\\/www.youtube.com\\\/channel\\\/UCcbpGdYHf_sG-hiZlF7UyHg\"]},{\"@type\":\"Person\",\"@id\":\"https:\\\/\\\/vvhl.nl\\\/#\\\/schema\\\/person\\\/5912722ce23e9c3452e94c60e56fc8dc\",\"name\":\"Dees Wilgehof-Sodaar\",\"url\":\"https:\\\/\\\/vvhl.nl\\\/en\\\/author\\\/dees\\\/\"}]}<\/script>\n<!-- \/ Yoast SEO plugin. -->","yoast_head_json":{"title":"Op zoek naar het lied buiten Europa","description":"Henriette Feith en Maurice Lammerts van Bueren brengen een internationaal programma tijdens de Dag van het Lied.","robots":{"index":"index","follow":"follow","max-snippet":"max-snippet:-1","max-image-preview":"max-image-preview:large","max-video-preview":"max-video-preview:-1"},"canonical":"https:\/\/vvhl.nl\/en\/op-zoek-naar-het-lied-buiten-europa\/","og_locale":"en_GB","og_type":"article","og_title":"Op zoek naar het lied buiten Europa","og_description":"Internationaal met wortels in de klassieke traditie.","og_url":"https:\/\/vvhl.nl\/en\/op-zoek-naar-het-lied-buiten-europa\/","og_site_name":"vvhl","article_publisher":"https:\/\/www.facebook.com\/vriendenvanhetlied","article_published_time":"2026-03-25T08:50:57+00:00","article_modified_time":"2026-04-28T10:42:16+00:00","og_image":[{"width":1200,"height":800,"url":"https:\/\/vvhl.nl\/wp-content\/uploads\/2026\/04\/Henriette-Feith_c_Cara-Louwman.webp","type":"image\/webp"}],"author":"Dees Wilgehof-Sodaar","twitter_card":"summary_large_image","twitter_title":"Op zoek naar het lied buiten Europa","twitter_description":"Internationaal met wortels in de klassieke traditie.","twitter_image":"https:\/\/vvhl.nl\/wp-content\/uploads\/2026\/04\/Henriette-Feith_c_Cara-Louwman.webp","twitter_creator":"@vriendenvhlied","twitter_site":"@vriendenvhlied","twitter_misc":{"Written by":"Dees Wilgehof-Sodaar","Estimated reading time":"6 minutes"},"schema":{"@context":"https:\/\/schema.org","@graph":[{"@type":"Article","@id":"https:\/\/vvhl.nl\/op-zoek-naar-het-lied-buiten-europa\/#article","isPartOf":{"@id":"https:\/\/vvhl.nl\/op-zoek-naar-het-lied-buiten-europa\/"},"author":{"name":"Dees Wilgehof-Sodaar","@id":"https:\/\/vvhl.nl\/#\/schema\/person\/5912722ce23e9c3452e94c60e56fc8dc"},"headline":"Op zoek naar het lied buiten Europa","datePublished":"2026-03-25T08:50:57+00:00","dateModified":"2026-04-28T10:42:16+00:00","mainEntityOfPage":{"@id":"https:\/\/vvhl.nl\/op-zoek-naar-het-lied-buiten-europa\/"},"wordCount":1062,"publisher":{"@id":"https:\/\/vvhl.nl\/#organization"},"image":{"@id":"https:\/\/vvhl.nl\/op-zoek-naar-het-lied-buiten-europa\/#primaryimage"},"thumbnailUrl":"https:\/\/vvhl.nl\/wp-content\/uploads\/2026\/04\/Henriette-Feith_c_Cara-Louwman.webp","articleSection":["nieuws"],"inLanguage":"en-GB"},{"@type":"WebPage","@id":"https:\/\/vvhl.nl\/op-zoek-naar-het-lied-buiten-europa\/","url":"https:\/\/vvhl.nl\/op-zoek-naar-het-lied-buiten-europa\/","name":"Op zoek naar het lied buiten Europa","isPartOf":{"@id":"https:\/\/vvhl.nl\/#website"},"primaryImageOfPage":{"@id":"https:\/\/vvhl.nl\/op-zoek-naar-het-lied-buiten-europa\/#primaryimage"},"image":{"@id":"https:\/\/vvhl.nl\/op-zoek-naar-het-lied-buiten-europa\/#primaryimage"},"thumbnailUrl":"https:\/\/vvhl.nl\/wp-content\/uploads\/2026\/04\/Henriette-Feith_c_Cara-Louwman.webp","datePublished":"2026-03-25T08:50:57+00:00","dateModified":"2026-04-28T10:42:16+00:00","description":"Henriette Feith en Maurice Lammerts van Bueren brengen een internationaal programma tijdens de Dag van het Lied.","breadcrumb":{"@id":"https:\/\/vvhl.nl\/op-zoek-naar-het-lied-buiten-europa\/#breadcrumb"},"inLanguage":"en-GB","potentialAction":[{"@type":"ReadAction","target":["https:\/\/vvhl.nl\/op-zoek-naar-het-lied-buiten-europa\/"]}]},{"@type":"ImageObject","inLanguage":"en-GB","@id":"https:\/\/vvhl.nl\/op-zoek-naar-het-lied-buiten-europa\/#primaryimage","url":"https:\/\/vvhl.nl\/wp-content\/uploads\/2026\/04\/Henriette-Feith_c_Cara-Louwman.webp","contentUrl":"https:\/\/vvhl.nl\/wp-content\/uploads\/2026\/04\/Henriette-Feith_c_Cara-Louwman.webp","width":1200,"height":800},{"@type":"BreadcrumbList","@id":"https:\/\/vvhl.nl\/op-zoek-naar-het-lied-buiten-europa\/#breadcrumb","itemListElement":[{"@type":"ListItem","position":1,"name":"Home","item":"https:\/\/vvhl.nl\/"},{"@type":"ListItem","position":2,"name":"Op zoek naar het lied buiten Europa"}]},{"@type":"WebSite","@id":"https:\/\/vvhl.nl\/#website","url":"https:\/\/vvhl.nl\/","name":"vvhl.co.uk","description":"friends of the song association","publisher":{"@id":"https:\/\/vvhl.nl\/#organization"},"potentialAction":[{"@type":"SearchAction","target":{"@type":"EntryPoint","urlTemplate":"https:\/\/vvhl.nl\/?s={search_term_string}"},"query-input":{"@type":"PropertyValueSpecification","valueRequired":true,"valueName":"search_term_string"}}],"inLanguage":"en-GB"},{"@type":"Organization","@id":"https:\/\/vvhl.nl\/#organization","name":"Friends of Song","url":"https:\/\/vvhl.nl\/","logo":{"@type":"ImageObject","inLanguage":"en-GB","@id":"https:\/\/vvhl.nl\/#\/schema\/logo\/image\/","url":"https:\/\/vvhl.nl\/wp-content\/uploads\/2020\/04\/VvhL-2019-hr.jpg","contentUrl":"https:\/\/vvhl.nl\/wp-content\/uploads\/2020\/04\/VvhL-2019-hr.jpg","width":1500,"height":1500,"caption":"Vrienden van het Lied"},"image":{"@id":"https:\/\/vvhl.nl\/#\/schema\/logo\/image\/"},"sameAs":["https:\/\/www.facebook.com\/vriendenvanhetlied","https:\/\/x.com\/vriendenvhlied","https:\/\/www.youtube.com\/channel\/UCcbpGdYHf_sG-hiZlF7UyHg"]},{"@type":"Person","@id":"https:\/\/vvhl.nl\/#\/schema\/person\/5912722ce23e9c3452e94c60e56fc8dc","name":"Dees Wilgehof-Sodaar","url":"https:\/\/vvhl.nl\/en\/author\/dees\/"}]}},"_links":{"self":[{"href":"https:\/\/vvhl.nl\/en\/wp-json\/wp\/v2\/posts\/22627","targetHints":{"allow":["GET"]}}],"collection":[{"href":"https:\/\/vvhl.nl\/en\/wp-json\/wp\/v2\/posts"}],"about":[{"href":"https:\/\/vvhl.nl\/en\/wp-json\/wp\/v2\/types\/post"}],"author":[{"embeddable":true,"href":"https:\/\/vvhl.nl\/en\/wp-json\/wp\/v2\/users\/5"}],"replies":[{"embeddable":true,"href":"https:\/\/vvhl.nl\/en\/wp-json\/wp\/v2\/comments?post=22627"}],"version-history":[{"count":0,"href":"https:\/\/vvhl.nl\/en\/wp-json\/wp\/v2\/posts\/22627\/revisions"}],"wp:featuredmedia":[{"embeddable":true,"href":"https:\/\/vvhl.nl\/en\/wp-json\/wp\/v2\/media\/22629"}],"wp:attachment":[{"href":"https:\/\/vvhl.nl\/en\/wp-json\/wp\/v2\/media?parent=22627"}],"wp:term":[{"taxonomy":"category","embeddable":true,"href":"https:\/\/vvhl.nl\/en\/wp-json\/wp\/v2\/categories?post=22627"},{"taxonomy":"post_tag","embeddable":true,"href":"https:\/\/vvhl.nl\/en\/wp-json\/wp\/v2\/tags?post=22627"},{"taxonomy":"post_folder","embeddable":true,"href":"https:\/\/vvhl.nl\/en\/wp-json\/wp\/v2\/post_folder?post=22627"}],"curies":[{"name":"wp","href":"https:\/\/api.w.org\/{rel}","templated":true}]}}