{"id":22681,"date":"2026-04-28T10:02:29","date_gmt":"2026-04-28T08:02:29","guid":{"rendered":"https:\/\/vvhl.nl\/?p=22681"},"modified":"2026-04-28T12:40:15","modified_gmt":"2026-04-28T10:40:15","slug":"algemene-ledenvergadering-18-april-2026-2","status":"publish","type":"post","link":"https:\/\/vvhl.nl\/en\/algemene-ledenvergadering-18-april-2026-2\/","title":{"rendered":"Algemene ledenvergadering 18 april 2026"},"content":{"rendered":"<div data-elementor-type=\"wp-post\" data-elementor-id=\"22681\" class=\"elementor elementor-22681\" data-elementor-post-type=\"post\">\n\t\t\t\t\t\t<section class=\"elementor-section elementor-top-section elementor-element elementor-element-3d331a9d elementor-section-height-min-height elementor-section-items-top elementor-section-boxed elementor-section-height-default\" data-id=\"3d331a9d\" data-element_type=\"section\" data-e-type=\"section\" data-settings=\"{&quot;background_background&quot;:&quot;classic&quot;,&quot;shape_divider_top&quot;:&quot;triangle-asymmetrical&quot;,&quot;jet_parallax_layout_list&quot;:[]}\">\n\t\t\t\t\t<div class=\"elementor-shape elementor-shape-top\" aria-hidden=\"true\" data-negative=\"false\">\n\t\t\t<svg xmlns=\"http:\/\/www.w3.org\/2000\/svg\" viewbox=\"0 0 1000 100\" preserveaspectratio=\"none\">\n\t<path class=\"elementor-shape-fill\" d=\"M738,99l262-93V0H0v5.6L738,99z\"\/>\n<\/svg>\t\t<\/div>\n\t\t\t\t\t<div class=\"elementor-container elementor-column-gap-wide\">\n\t\t\t\t\t<div class=\"elementor-column elementor-col-50 elementor-top-column elementor-element elementor-element-15f3dee\" data-id=\"15f3dee\" data-element_type=\"column\" data-e-type=\"column\">\n\t\t\t<div class=\"elementor-widget-wrap elementor-element-populated\">\n\t\t\t\t\t\t<div class=\"elementor-element elementor-element-45d782d4 elementor-widget elementor-widget-theme-post-title elementor-page-title elementor-widget-heading\" data-id=\"45d782d4\" data-element_type=\"widget\" data-e-type=\"widget\" data-widget_type=\"theme-post-title.default\">\n\t\t\t\t<div class=\"elementor-widget-container\">\n\t\t\t\t\t<h1 class=\"elementor-heading-title elementor-size-default\">Algemene ledenvergadering 18 april 2026<\/h1>\t\t\t\t<\/div>\n\t\t\t\t<\/div>\n\t\t\t\t<div class=\"elementor-element elementor-element-577f269f elementor-widget elementor-widget-post-info\" data-id=\"577f269f\" data-element_type=\"widget\" data-e-type=\"widget\" data-widget_type=\"post-info.default\">\n\t\t\t\t<div class=\"elementor-widget-container\">\n\t\t\t\t\t\t\t<ul class=\"elementor-inline-items elementor-icon-list-items elementor-post-info\">\n\t\t\t\t\t\t\t\t<li class=\"elementor-icon-list-item elementor-repeater-item-8a51cc5 elementor-inline-item\" itemprop=\"about\">\n\t\t\t\t\t\t\t\t\t\t\t\t\t<span class=\"elementor-icon-list-text elementor-post-info__item elementor-post-info__item--type-terms\">\n\t\t\t\t\t\t\t\t\t\t<span class=\"elementor-post-info__terms-list\">\n\t\t\t\t<span class=\"elementor-post-info__terms-list-item\">news<\/span>\t\t\t\t<\/span>\n\t\t\t\t\t<\/span>\n\t\t\t\t\t\t\t\t<\/li>\n\t\t\t\t<\/ul>\n\t\t\t\t\t\t<\/div>\n\t\t\t\t<\/div>\n\t\t\t\t<div class=\"elementor-element elementor-element-42fdeffc elementor-widget elementor-widget-theme-post-excerpt\" data-id=\"42fdeffc\" data-element_type=\"widget\" data-e-type=\"widget\" data-widget_type=\"theme-post-excerpt.default\">\n\t\t\t\t<div class=\"elementor-widget-container\">\n\t\t\t\t\tMet een opkomst van 30 leden was de ALV van 2026 een stuk beter bezocht dan vorig jaar. Er heerste een goede en ontspannen sfeer, waar het zonnige weer zeker aan bijdroeg. Naast de behandeling en goedkeuring van de gebruikelijke stukken werd er afscheid genomen van voorzitter Leo Samama, penningmeester Bram de Ronde en bestuurslid Hanneke Taat. \t\t\t\t<\/div>\n\t\t\t\t<\/div>\n\t\t\t\t\t<\/div>\n\t\t<\/div>\n\t\t\t\t<div class=\"elementor-column elementor-col-50 elementor-top-column elementor-element elementor-element-2aeb4d6f\" data-id=\"2aeb4d6f\" data-element_type=\"column\" data-e-type=\"column\">\n\t\t\t<div class=\"elementor-widget-wrap elementor-element-populated\">\n\t\t\t\t\t\t<div class=\"elementor-element elementor-element-17c0874 elementor-widget elementor-widget-theme-post-featured-image elementor-widget-image\" data-id=\"17c0874\" data-element_type=\"widget\" data-e-type=\"widget\" data-widget_type=\"theme-post-featured-image.default\">\n\t\t\t\t<div class=\"elementor-widget-container\">\n\t\t\t\t\t\t\t\t\t\t\t\t<figure class=\"wp-caption\">\n\t\t\t\t\t\t\t\t\t\t<img fetchpriority=\"high\" decoding=\"async\" width=\"1200\" height=\"800\" src=\"https:\/\/vvhl.nl\/wp-content\/uploads\/2026\/04\/BESTUUR_2026-04-18-VVhL-ALV-8.webp\" class=\"attachment-full size-full wp-image-22683\" alt=\"\" srcset=\"https:\/\/vvhl.nl\/wp-content\/uploads\/2026\/04\/BESTUUR_2026-04-18-VVhL-ALV-8.webp 1200w, https:\/\/vvhl.nl\/wp-content\/uploads\/2026\/04\/BESTUUR_2026-04-18-VVhL-ALV-8-300x200.webp 300w, https:\/\/vvhl.nl\/wp-content\/uploads\/2026\/04\/BESTUUR_2026-04-18-VVhL-ALV-8-1024x683.webp 1024w, https:\/\/vvhl.nl\/wp-content\/uploads\/2026\/04\/BESTUUR_2026-04-18-VVhL-ALV-8-768x512.webp 768w, https:\/\/vvhl.nl\/wp-content\/uploads\/2026\/04\/BESTUUR_2026-04-18-VVhL-ALV-8-18x12.webp 18w\" sizes=\"(max-width: 1200px) 100vw, 1200px\" \/>\t\t\t\t\t\t\t\t\t\t\t<figcaption class=\"widget-image-caption wp-caption-text\">v.l.n.r.: Francine van der Heijden, Dinant Krouwel, Robert Koch, Liesbeth Reijerkerk en Joost van der Linden \/ foto: \u00a9 Babs Witteman<\/figcaption>\n\t\t\t\t\t\t\t\t\t\t<\/figure>\n\t\t\t\t\t\t\t\t\t<\/div>\n\t\t\t\t<\/div>\n\t\t\t\t\t<\/div>\n\t\t<\/div>\n\t\t\t\t\t<\/div>\n\t\t<\/section>\n\t\t\t\t<section class=\"elementor-section elementor-top-section elementor-element elementor-element-78f85631 elementor-section-boxed elementor-section-height-default elementor-section-height-default\" data-id=\"78f85631\" data-element_type=\"section\" data-e-type=\"section\" data-settings=\"{&quot;jet_parallax_layout_list&quot;:[]}\">\n\t\t\t\t\t\t<div class=\"elementor-container elementor-column-gap-wide\">\n\t\t\t\t\t<div class=\"elementor-column elementor-col-100 elementor-top-column elementor-element elementor-element-27ba9558\" data-id=\"27ba9558\" data-element_type=\"column\" data-e-type=\"column\">\n\t\t\t<div class=\"elementor-widget-wrap elementor-element-populated\">\n\t\t\t\t\t\t<div class=\"elementor-element elementor-element-574d8366 elementor-widget elementor-widget-text-editor\" data-id=\"574d8366\" data-element_type=\"widget\" data-e-type=\"widget\" data-widget_type=\"text-editor.default\">\n\t\t\t\t<div class=\"elementor-widget-container\">\n\t\t\t\t\t\t\t\t\t<p style=\"font-weight: 400;\">De afscheidnemende bestuursleden werden toegesproken door respectievelijk Dinant Krouwel, Joost van der Linden en Francine van der Heijden. De dankwoorden gingen vergezeld van een muzikale wijn en een doosje bonbons. Hierna volgde de benoeming van twee nieuwe bestuursleden, namelijk Robert Koch als nieuwe voorzitter en Liesbeth Reijerkerk, die de taak van penningmeester op zich zal nemen. Annette Ovink liet de cijfers zien van de concerten en het concertbezoek en wees op de ontwikkelingen. C\u00e9cile van de Sant vertelde over het belangrijke werk van de raad van advies voor artistieke zaken (RAA). Even voor \u00e9\u00e9n uur sloot de voorzitter de vergadering en kon iedereen in de vergaderzaal, de ruime hal of buiten op het terras aan de Kromme Rijn genieten van een uitgebreide lunch met soep en broodjes. Een mooie gelegenheid om de vertrekkende en nieuwe bestuursleden te spreken, voor de contactpersonen om ervaringen uit te wisselen en voor interactie tussen bestuur, RAA en de leden. Voor het afscheid van de drie bestuursleden en als welkom voor de twee nieuwe had Francine van der Heijden vlaai meegenomen. Het bleef nog lang gezellig en de laatsten gingen tegen drie\u00ebn weg. Het volledige verslag van de vergadering zal half mei op de ledenpagina van de site gepubliceerd worden.<\/p><p style=\"font-weight: 400;\">\u00a0<\/p>\t\t\t\t\t\t\t\t<\/div>\n\t\t\t\t<\/div>\n\t\t\t\t<div class=\"elementor-element elementor-element-f30baf1 elementor-hidden-desktop elementor-hidden-tablet elementor-hidden-mobile elementor-widget elementor-widget-button\" data-id=\"f30baf1\" data-element_type=\"widget\" data-e-type=\"widget\" data-widget_type=\"button.default\">\n\t\t\t\t<div class=\"elementor-widget-container\">\n\t\t\t\t\t\t\t\t\t<div class=\"elementor-button-wrapper\">\n\t\t\t\t\t<a class=\"elementor-button elementor-button-link elementor-size-sm\" href=\"https:\/\/vvhl.nl\/en\/16-may-day-of-the-lied-2026\/\">\n\t\t\t\t\t\t<span class=\"elementor-button-content-wrapper\">\n\t\t\t\t\t\t<span class=\"elementor-button-icon\">\n\t\t\t\t<i aria-hidden=\"true\" class=\"fas fa-angle-right\"><\/i>\t\t\t<\/span>\n\t\t\t\t\t\t\t\t\t<span class=\"elementor-button-text\">meer Dag van het Lied<\/span>\n\t\t\t\t\t<\/span>\n\t\t\t\t\t<\/a>\n\t\t\t\t<\/div>\n\t\t\t\t\t\t\t\t<\/div>\n\t\t\t\t<\/div>\n\t\t\t\t\t<\/div>\n\t\t<\/div>\n\t\t\t\t\t<\/div>\n\t\t<\/section>\n\t\t\t\t<\/div>","protected":false},"excerpt":{"rendered":"<p>Met een opkomst van 30 leden was de ALV van 2026 een stuk beter bezocht dan vorig jaar. Er heerste een goede en ontspannen sfeer, waar het zonnige weer zeker aan bijdroeg. Naast de behandeling en goedkeuring van de gebruikelijke stukken werd er afscheid genomen van voorzitter Leo Samama, penningmeester Bram de Ronde en bestuurslid Hanneke Taat. <\/p>","protected":false},"author":5,"featured_media":22683,"comment_status":"closed","ping_status":"closed","sticky":false,"template":"elementor_header_footer","format":"standard","meta":{"footnotes":""},"categories":[1],"tags":[],"post_folder":[407,237],"class_list":["post-22681","post","type-post","status-publish","format-standard","has-post-thumbnail","hentry","category-nieuws"],"yoast_head":"<!-- This site is optimized with the Yoast SEO plugin v27.5 - https:\/\/yoast.com\/product\/yoast-seo-wordpress\/ -->\n<title>Algemene ledenvergadering 18 april 2026<\/title>\n<meta name=\"description\" content=\"Tijdens de algemene ledenvergadering van Vrienden van het Lied werd een nieuw bestuur benoemt.\" \/>\n<meta name=\"robots\" content=\"index, follow, max-snippet:-1, max-image-preview:large, max-video-preview:-1\" \/>\n<link rel=\"canonical\" href=\"https:\/\/vvhl.nl\/en\/algemene-ledenvergadering-18-april-2026-2\/\" \/>\n<meta property=\"og:locale\" content=\"en_GB\" \/>\n<meta property=\"og:type\" content=\"article\" \/>\n<meta property=\"og:title\" content=\"Algemene ledenvergadering 18 april 2026\" \/>\n<meta property=\"og:description\" content=\"Warm welkom voor nieuw bestuur.\" \/>\n<meta property=\"og:url\" content=\"https:\/\/vvhl.nl\/en\/algemene-ledenvergadering-18-april-2026-2\/\" \/>\n<meta property=\"og:site_name\" content=\"vvhl\" \/>\n<meta property=\"article:publisher\" content=\"https:\/\/www.facebook.com\/vriendenvanhetlied\" \/>\n<meta property=\"article:published_time\" content=\"2026-04-28T08:02:29+00:00\" \/>\n<meta property=\"article:modified_time\" content=\"2026-04-28T10:40:15+00:00\" \/>\n<meta property=\"og:image\" content=\"https:\/\/vvhl.nl\/wp-content\/uploads\/2026\/04\/BESTUUR_2026-04-18-VVhL-ALV-8.webp\" \/>\n\t<meta property=\"og:image:width\" content=\"1200\" \/>\n\t<meta property=\"og:image:height\" content=\"800\" \/>\n\t<meta property=\"og:image:type\" content=\"image\/webp\" \/>\n<meta name=\"author\" content=\"Dees Wilgehof-Sodaar\" \/>\n<meta name=\"twitter:card\" content=\"summary_large_image\" \/>\n<meta name=\"twitter:title\" content=\"Algemene ledenvergadering 18 april 2026\" \/>\n<meta name=\"twitter:description\" content=\"Warm welkom voor nieuw bestuur.\" \/>\n<meta name=\"twitter:image\" content=\"https:\/\/vvhl.nl\/wp-content\/uploads\/2026\/04\/BESTUUR_2026-04-18-VVhL-ALV-8.webp\" \/>\n<meta name=\"twitter:creator\" content=\"@vriendenvhlied\" \/>\n<meta name=\"twitter:site\" content=\"@vriendenvhlied\" \/>\n<meta name=\"twitter:label1\" content=\"Written by\" \/>\n\t<meta name=\"twitter:data1\" content=\"Dees Wilgehof-Sodaar\" \/>\n\t<meta name=\"twitter:label2\" content=\"Estimated reading time\" \/>\n\t<meta name=\"twitter:data2\" content=\"2 minutes\" \/>\n<script type=\"application\/ld+json\" class=\"yoast-schema-graph\">{\"@context\":\"https:\\\/\\\/schema.org\",\"@graph\":[{\"@type\":\"Article\",\"@id\":\"https:\\\/\\\/vvhl.nl\\\/algemene-ledenvergadering-18-april-2026-2\\\/#article\",\"isPartOf\":{\"@id\":\"https:\\\/\\\/vvhl.nl\\\/algemene-ledenvergadering-18-april-2026-2\\\/\"},\"author\":{\"name\":\"Dees Wilgehof-Sodaar\",\"@id\":\"https:\\\/\\\/vvhl.nl\\\/#\\\/schema\\\/person\\\/5912722ce23e9c3452e94c60e56fc8dc\"},\"headline\":\"Algemene ledenvergadering 18 april 2026\",\"datePublished\":\"2026-04-28T08:02:29+00:00\",\"dateModified\":\"2026-04-28T10:40:15+00:00\",\"mainEntityOfPage\":{\"@id\":\"https:\\\/\\\/vvhl.nl\\\/algemene-ledenvergadering-18-april-2026-2\\\/\"},\"wordCount\":215,\"publisher\":{\"@id\":\"https:\\\/\\\/vvhl.nl\\\/#organization\"},\"image\":{\"@id\":\"https:\\\/\\\/vvhl.nl\\\/algemene-ledenvergadering-18-april-2026-2\\\/#primaryimage\"},\"thumbnailUrl\":\"https:\\\/\\\/vvhl.nl\\\/wp-content\\\/uploads\\\/2026\\\/04\\\/BESTUUR_2026-04-18-VVhL-ALV-8.webp\",\"articleSection\":[\"nieuws\"],\"inLanguage\":\"en-GB\"},{\"@type\":\"WebPage\",\"@id\":\"https:\\\/\\\/vvhl.nl\\\/algemene-ledenvergadering-18-april-2026-2\\\/\",\"url\":\"https:\\\/\\\/vvhl.nl\\\/algemene-ledenvergadering-18-april-2026-2\\\/\",\"name\":\"Algemene ledenvergadering 18 april 2026\",\"isPartOf\":{\"@id\":\"https:\\\/\\\/vvhl.nl\\\/#website\"},\"primaryImageOfPage\":{\"@id\":\"https:\\\/\\\/vvhl.nl\\\/algemene-ledenvergadering-18-april-2026-2\\\/#primaryimage\"},\"image\":{\"@id\":\"https:\\\/\\\/vvhl.nl\\\/algemene-ledenvergadering-18-april-2026-2\\\/#primaryimage\"},\"thumbnailUrl\":\"https:\\\/\\\/vvhl.nl\\\/wp-content\\\/uploads\\\/2026\\\/04\\\/BESTUUR_2026-04-18-VVhL-ALV-8.webp\",\"datePublished\":\"2026-04-28T08:02:29+00:00\",\"dateModified\":\"2026-04-28T10:40:15+00:00\",\"description\":\"Tijdens de algemene ledenvergadering van Vrienden van het Lied werd een nieuw bestuur benoemt.\",\"breadcrumb\":{\"@id\":\"https:\\\/\\\/vvhl.nl\\\/algemene-ledenvergadering-18-april-2026-2\\\/#breadcrumb\"},\"inLanguage\":\"en-GB\",\"potentialAction\":[{\"@type\":\"ReadAction\",\"target\":[\"https:\\\/\\\/vvhl.nl\\\/algemene-ledenvergadering-18-april-2026-2\\\/\"]}]},{\"@type\":\"ImageObject\",\"inLanguage\":\"en-GB\",\"@id\":\"https:\\\/\\\/vvhl.nl\\\/algemene-ledenvergadering-18-april-2026-2\\\/#primaryimage\",\"url\":\"https:\\\/\\\/vvhl.nl\\\/wp-content\\\/uploads\\\/2026\\\/04\\\/BESTUUR_2026-04-18-VVhL-ALV-8.webp\",\"contentUrl\":\"https:\\\/\\\/vvhl.nl\\\/wp-content\\\/uploads\\\/2026\\\/04\\\/BESTUUR_2026-04-18-VVhL-ALV-8.webp\",\"width\":1200,\"height\":800},{\"@type\":\"BreadcrumbList\",\"@id\":\"https:\\\/\\\/vvhl.nl\\\/algemene-ledenvergadering-18-april-2026-2\\\/#breadcrumb\",\"itemListElement\":[{\"@type\":\"ListItem\",\"position\":1,\"name\":\"Home\",\"item\":\"https:\\\/\\\/vvhl.nl\\\/\"},{\"@type\":\"ListItem\",\"position\":2,\"name\":\"Algemene ledenvergadering 18 april 2026\"}]},{\"@type\":\"WebSite\",\"@id\":\"https:\\\/\\\/vvhl.nl\\\/#website\",\"url\":\"https:\\\/\\\/vvhl.nl\\\/\",\"name\":\"vvhl.nl\",\"description\":\"vereniging vrienden van het lied\",\"publisher\":{\"@id\":\"https:\\\/\\\/vvhl.nl\\\/#organization\"},\"potentialAction\":[{\"@type\":\"SearchAction\",\"target\":{\"@type\":\"EntryPoint\",\"urlTemplate\":\"https:\\\/\\\/vvhl.nl\\\/?s={search_term_string}\"},\"query-input\":{\"@type\":\"PropertyValueSpecification\",\"valueRequired\":true,\"valueName\":\"search_term_string\"}}],\"inLanguage\":\"en-GB\"},{\"@type\":\"Organization\",\"@id\":\"https:\\\/\\\/vvhl.nl\\\/#organization\",\"name\":\"Vrienden van het Lied\",\"url\":\"https:\\\/\\\/vvhl.nl\\\/\",\"logo\":{\"@type\":\"ImageObject\",\"inLanguage\":\"en-GB\",\"@id\":\"https:\\\/\\\/vvhl.nl\\\/#\\\/schema\\\/logo\\\/image\\\/\",\"url\":\"https:\\\/\\\/vvhl.nl\\\/wp-content\\\/uploads\\\/2020\\\/04\\\/VvhL-2019-hr.jpg\",\"contentUrl\":\"https:\\\/\\\/vvhl.nl\\\/wp-content\\\/uploads\\\/2020\\\/04\\\/VvhL-2019-hr.jpg\",\"width\":1500,\"height\":1500,\"caption\":\"Vrienden van het Lied\"},\"image\":{\"@id\":\"https:\\\/\\\/vvhl.nl\\\/#\\\/schema\\\/logo\\\/image\\\/\"},\"sameAs\":[\"https:\\\/\\\/www.facebook.com\\\/vriendenvanhetlied\",\"https:\\\/\\\/x.com\\\/vriendenvhlied\",\"https:\\\/\\\/www.youtube.com\\\/channel\\\/UCcbpGdYHf_sG-hiZlF7UyHg\"]},{\"@type\":\"Person\",\"@id\":\"https:\\\/\\\/vvhl.nl\\\/#\\\/schema\\\/person\\\/5912722ce23e9c3452e94c60e56fc8dc\",\"name\":\"Dees Wilgehof-Sodaar\",\"url\":\"https:\\\/\\\/vvhl.nl\\\/en\\\/author\\\/dees\\\/\"}]}<\/script>\n<!-- \/ Yoast SEO plugin. -->","yoast_head_json":{"title":"Algemene ledenvergadering 18 april 2026","description":"Tijdens de algemene ledenvergadering van Vrienden van het Lied werd een nieuw bestuur benoemt.","robots":{"index":"index","follow":"follow","max-snippet":"max-snippet:-1","max-image-preview":"max-image-preview:large","max-video-preview":"max-video-preview:-1"},"canonical":"https:\/\/vvhl.nl\/en\/algemene-ledenvergadering-18-april-2026-2\/","og_locale":"en_GB","og_type":"article","og_title":"Algemene ledenvergadering 18 april 2026","og_description":"Warm welkom voor nieuw bestuur.","og_url":"https:\/\/vvhl.nl\/en\/algemene-ledenvergadering-18-april-2026-2\/","og_site_name":"vvhl","article_publisher":"https:\/\/www.facebook.com\/vriendenvanhetlied","article_published_time":"2026-04-28T08:02:29+00:00","article_modified_time":"2026-04-28T10:40:15+00:00","og_image":[{"width":1200,"height":800,"url":"https:\/\/vvhl.nl\/wp-content\/uploads\/2026\/04\/BESTUUR_2026-04-18-VVhL-ALV-8.webp","type":"image\/webp"}],"author":"Dees Wilgehof-Sodaar","twitter_card":"summary_large_image","twitter_title":"Algemene ledenvergadering 18 april 2026","twitter_description":"Warm welkom voor nieuw bestuur.","twitter_image":"https:\/\/vvhl.nl\/wp-content\/uploads\/2026\/04\/BESTUUR_2026-04-18-VVhL-ALV-8.webp","twitter_creator":"@vriendenvhlied","twitter_site":"@vriendenvhlied","twitter_misc":{"Written by":"Dees Wilgehof-Sodaar","Estimated reading time":"2 minutes"},"schema":{"@context":"https:\/\/schema.org","@graph":[{"@type":"Article","@id":"https:\/\/vvhl.nl\/algemene-ledenvergadering-18-april-2026-2\/#article","isPartOf":{"@id":"https:\/\/vvhl.nl\/algemene-ledenvergadering-18-april-2026-2\/"},"author":{"name":"Dees Wilgehof-Sodaar","@id":"https:\/\/vvhl.nl\/#\/schema\/person\/5912722ce23e9c3452e94c60e56fc8dc"},"headline":"Algemene ledenvergadering 18 april 2026","datePublished":"2026-04-28T08:02:29+00:00","dateModified":"2026-04-28T10:40:15+00:00","mainEntityOfPage":{"@id":"https:\/\/vvhl.nl\/algemene-ledenvergadering-18-april-2026-2\/"},"wordCount":215,"publisher":{"@id":"https:\/\/vvhl.nl\/#organization"},"image":{"@id":"https:\/\/vvhl.nl\/algemene-ledenvergadering-18-april-2026-2\/#primaryimage"},"thumbnailUrl":"https:\/\/vvhl.nl\/wp-content\/uploads\/2026\/04\/BESTUUR_2026-04-18-VVhL-ALV-8.webp","articleSection":["nieuws"],"inLanguage":"en-GB"},{"@type":"WebPage","@id":"https:\/\/vvhl.nl\/algemene-ledenvergadering-18-april-2026-2\/","url":"https:\/\/vvhl.nl\/algemene-ledenvergadering-18-april-2026-2\/","name":"Algemene ledenvergadering 18 april 2026","isPartOf":{"@id":"https:\/\/vvhl.nl\/#website"},"primaryImageOfPage":{"@id":"https:\/\/vvhl.nl\/algemene-ledenvergadering-18-april-2026-2\/#primaryimage"},"image":{"@id":"https:\/\/vvhl.nl\/algemene-ledenvergadering-18-april-2026-2\/#primaryimage"},"thumbnailUrl":"https:\/\/vvhl.nl\/wp-content\/uploads\/2026\/04\/BESTUUR_2026-04-18-VVhL-ALV-8.webp","datePublished":"2026-04-28T08:02:29+00:00","dateModified":"2026-04-28T10:40:15+00:00","description":"Tijdens de algemene ledenvergadering van Vrienden van het Lied werd een nieuw bestuur benoemt.","breadcrumb":{"@id":"https:\/\/vvhl.nl\/algemene-ledenvergadering-18-april-2026-2\/#breadcrumb"},"inLanguage":"en-GB","potentialAction":[{"@type":"ReadAction","target":["https:\/\/vvhl.nl\/algemene-ledenvergadering-18-april-2026-2\/"]}]},{"@type":"ImageObject","inLanguage":"en-GB","@id":"https:\/\/vvhl.nl\/algemene-ledenvergadering-18-april-2026-2\/#primaryimage","url":"https:\/\/vvhl.nl\/wp-content\/uploads\/2026\/04\/BESTUUR_2026-04-18-VVhL-ALV-8.webp","contentUrl":"https:\/\/vvhl.nl\/wp-content\/uploads\/2026\/04\/BESTUUR_2026-04-18-VVhL-ALV-8.webp","width":1200,"height":800},{"@type":"BreadcrumbList","@id":"https:\/\/vvhl.nl\/algemene-ledenvergadering-18-april-2026-2\/#breadcrumb","itemListElement":[{"@type":"ListItem","position":1,"name":"Home","item":"https:\/\/vvhl.nl\/"},{"@type":"ListItem","position":2,"name":"Algemene ledenvergadering 18 april 2026"}]},{"@type":"WebSite","@id":"https:\/\/vvhl.nl\/#website","url":"https:\/\/vvhl.nl\/","name":"vvhl.co.uk","description":"friends of the song association","publisher":{"@id":"https:\/\/vvhl.nl\/#organization"},"potentialAction":[{"@type":"SearchAction","target":{"@type":"EntryPoint","urlTemplate":"https:\/\/vvhl.nl\/?s={search_term_string}"},"query-input":{"@type":"PropertyValueSpecification","valueRequired":true,"valueName":"search_term_string"}}],"inLanguage":"en-GB"},{"@type":"Organization","@id":"https:\/\/vvhl.nl\/#organization","name":"Friends of Song","url":"https:\/\/vvhl.nl\/","logo":{"@type":"ImageObject","inLanguage":"en-GB","@id":"https:\/\/vvhl.nl\/#\/schema\/logo\/image\/","url":"https:\/\/vvhl.nl\/wp-content\/uploads\/2020\/04\/VvhL-2019-hr.jpg","contentUrl":"https:\/\/vvhl.nl\/wp-content\/uploads\/2020\/04\/VvhL-2019-hr.jpg","width":1500,"height":1500,"caption":"Vrienden van het Lied"},"image":{"@id":"https:\/\/vvhl.nl\/#\/schema\/logo\/image\/"},"sameAs":["https:\/\/www.facebook.com\/vriendenvanhetlied","https:\/\/x.com\/vriendenvhlied","https:\/\/www.youtube.com\/channel\/UCcbpGdYHf_sG-hiZlF7UyHg"]},{"@type":"Person","@id":"https:\/\/vvhl.nl\/#\/schema\/person\/5912722ce23e9c3452e94c60e56fc8dc","name":"Dees Wilgehof-Sodaar","url":"https:\/\/vvhl.nl\/en\/author\/dees\/"}]}},"_links":{"self":[{"href":"https:\/\/vvhl.nl\/en\/wp-json\/wp\/v2\/posts\/22681","targetHints":{"allow":["GET"]}}],"collection":[{"href":"https:\/\/vvhl.nl\/en\/wp-json\/wp\/v2\/posts"}],"about":[{"href":"https:\/\/vvhl.nl\/en\/wp-json\/wp\/v2\/types\/post"}],"author":[{"embeddable":true,"href":"https:\/\/vvhl.nl\/en\/wp-json\/wp\/v2\/users\/5"}],"replies":[{"embeddable":true,"href":"https:\/\/vvhl.nl\/en\/wp-json\/wp\/v2\/comments?post=22681"}],"version-history":[{"count":0,"href":"https:\/\/vvhl.nl\/en\/wp-json\/wp\/v2\/posts\/22681\/revisions"}],"wp:featuredmedia":[{"embeddable":true,"href":"https:\/\/vvhl.nl\/en\/wp-json\/wp\/v2\/media\/22683"}],"wp:attachment":[{"href":"https:\/\/vvhl.nl\/en\/wp-json\/wp\/v2\/media?parent=22681"}],"wp:term":[{"taxonomy":"category","embeddable":true,"href":"https:\/\/vvhl.nl\/en\/wp-json\/wp\/v2\/categories?post=22681"},{"taxonomy":"post_tag","embeddable":true,"href":"https:\/\/vvhl.nl\/en\/wp-json\/wp\/v2\/tags?post=22681"},{"taxonomy":"post_folder","embeddable":true,"href":"https:\/\/vvhl.nl\/en\/wp-json\/wp\/v2\/post_folder?post=22681"}],"curies":[{"name":"wp","href":"https:\/\/api.w.org\/{rel}","templated":true}]}}